{"id":6757,"date":"2026-04-22T10:00:45","date_gmt":"2026-04-22T08:00:45","guid":{"rendered":"https:\/\/tetrag.ch\/?p=6757"},"modified":"2026-04-27T10:32:56","modified_gmt":"2026-04-27T08:32:56","slug":"gestion-de-la-charge-reduire-intelligemment-les-couts-de-reseau","status":"publish","type":"post","link":"https:\/\/tetrag.ch\/fr\/gestion-de-la-charge-reduire-intelligemment-les-couts-de-reseau\/","title":{"rendered":"Gestion de la charge : r\u00e9duire intelligemment les co\u00fbts de r\u00e9seau"},"content":{"rendered":"<p data-pm-slice=\"1 1 []\">Utiliser l&#8217;\u00e9lectricit\u00e9 de mani\u00e8re ing\u00e9nieuse plut\u00f4t que de g\u00e9n\u00e9rer des pics de consommation co\u00fbteux : c&#8217;est exactement l&#8217;objectif de la gestion de la charge. En interconnectant intelligemment le photovolta\u00efque, la pompe \u00e0 chaleur, le stockage par batterie et la mobilit\u00e9 \u00e9lectrique, on r\u00e9duit durablement les co\u00fbts de r\u00e9seau, on augmente l&#8217;autoconsommation et on exploite beaucoup plus efficacement les puissances de raccordement disponibles.<\/p>\n<p>C&#8217;est pr\u00e9cis\u00e9ment sur les sites comptant plusieurs gros consommateurs que se cache un \u00e9norme potentiel. Lorsque plusieurs v\u00e9hicules \u00e9lectriques se rechargent en m\u00eame temps, que la pompe \u00e0 chaleur tourne \u00e0 plein r\u00e9gime et que d&#8217;autres charges \u00e9lectriques s&#8217;ajoutent, la facture peut rapidement grimper. Car ce n&#8217;est pas seulement la consommation d&#8217;\u00e9lectricit\u00e9 qui compte ici, mais surtout les pics de puissance. Une gestion moderne de la charge permet justement d&#8217;\u00e9viter ces pics \u2013 de mani\u00e8re \u00e9conomique, fiable et adapt\u00e9e au quotidien.<\/p>\n<p>&nbsp;<\/p>\n<p><strong>Vous souhaitez savoir comment r\u00e9duire durablement vos co\u00fbts de r\u00e9seau gr\u00e2ce \u00e0 une gestion intelligente <br \/>\n<\/strong><strong>de la charge ?<\/strong> Poursuivez votre lecture et d\u00e9couvrez comment optimiser intelligemment votre syst\u00e8me \u00e9nerg\u00e9tique !<\/p>\n<p><img fetchpriority=\"high\" decoding=\"async\" class=\"alignnone size-large wp-image-6749\" src=\"https:\/\/tetrag.ch\/wp-content\/uploads\/2026\/04\/tetrag-lastmanagement-netzkosten-nuno-marques-0GbrjL3vZF4-unsplash-1-1024x693.jpg\" alt=\"\" width=\"800\" height=\"541\" srcset=\"https:\/\/tetrag.ch\/wp-content\/uploads\/2026\/04\/tetrag-lastmanagement-netzkosten-nuno-marques-0GbrjL3vZF4-unsplash-1-1024x693.jpg 1024w, https:\/\/tetrag.ch\/wp-content\/uploads\/2026\/04\/tetrag-lastmanagement-netzkosten-nuno-marques-0GbrjL3vZF4-unsplash-1-300x203.jpg 300w, https:\/\/tetrag.ch\/wp-content\/uploads\/2026\/04\/tetrag-lastmanagement-netzkosten-nuno-marques-0GbrjL3vZF4-unsplash-1-768x520.jpg 768w, https:\/\/tetrag.ch\/wp-content\/uploads\/2026\/04\/tetrag-lastmanagement-netzkosten-nuno-marques-0GbrjL3vZF4-unsplash-1.jpg 1200w\" sizes=\"(max-width: 800px) 100vw, 800px\" \/><\/p>\n<p>&nbsp;<\/p>\n<h2>L&#8217;essentiel en bref<\/h2>\n<ul>\n<li>\n<p>Interaction optimale entre le photovolta\u00efque, la pompe \u00e0 chaleur, le stockage par batterie et la mobilit\u00e9 \u00e9lectrique<\/p>\n<\/li>\n<li>\n<p>Adaptation aux tarifs d&#8217;\u00e9lectricit\u00e9 dynamiques<\/p>\n<\/li>\n<li>\n<p>Respect et prise en compte des limites de puissance de raccordement<\/p>\n<\/li>\n<\/ul>\n<p>&nbsp;<\/p>\n<h2>Qu&#8217;entend-on par \u00ab gestion de la charge \u00bb ?<\/h2>\n<p>Il s&#8217;agit de la commande cibl\u00e9e des consommateurs afin que l&#8217;\u00e9nergie soit utilis\u00e9e exactement au moment o\u00f9 cela est le plus judicieux sur le plan technique et \u00e9conomique. Il ne s&#8217;agit donc pas de renoncer, mais d&#8217;assurer une coordination intelligente.<\/p>\n<p>Concr\u00e8tement, cela signifie par exemple :<\/p>\n<ul>\n<li>\n<p>Recharge des voitures \u00e9lectriques \u00e0 des horaires programm\u00e9s<\/p>\n<\/li>\n<li>\n<p>Utiliser les pompes \u00e0 chaleur pendant les plages horaires o\u00f9 l&#8217;\u00e9lectricit\u00e9 est bon march\u00e9 ou o\u00f9 l&#8217;ensoleillement est fort<\/p>\n<\/li>\n<li>\n<p>Les batteries de stockage absorbent les pics de charge<\/p>\n<\/li>\n<li>\n<p>L&#8217;\u00e9lectricit\u00e9 photovolta\u00efque est consomm\u00e9e autant que possible directement sur place<\/p>\n<\/li>\n<\/ul>\n<p>R\u00e9sultat : des pics de charge moins co\u00fbteux, une consommation propre accrue et un meilleur contr\u00f4le des co\u00fbts \u00e9nerg\u00e9tiques.<\/p>\n<p>&nbsp;<\/p>\n<h2>Quatre syst\u00e8mes, un objectif commun<\/h2>\n<p>Le plein potentiel est atteint lorsque <strong>le photovolta\u00efque, la pompe \u00e0 chaleur, le stockage par batterie et la mobilit\u00e9 \u00e9lectrique<\/strong> ne sont pas consid\u00e9r\u00e9s s\u00e9par\u00e9ment, mais comme un syst\u00e8me global.<\/p>\n<ul>\n<li>\n<p><strong>Le photovolta\u00efque <\/strong>fournit de l&#8217;\u00e9lectricit\u00e9 \u00e0 bas prix directement sur place. Avec une gestion adapt\u00e9e, cette \u00e9lectricit\u00e9 est utilis\u00e9e exactement l\u00e0 o\u00f9 elle apporte le plus grand b\u00e9n\u00e9fice.<\/p>\n<\/li>\n<li>\n<p><strong>Les pompes \u00e0 chaleur <\/strong>constituent des leviers puissants dans le syst\u00e8me \u00e9nerg\u00e9tique. Si elles sont int\u00e9gr\u00e9es de mani\u00e8re intelligente, elles peuvent r\u00e9agir avec souplesse \u00e0 la production photovolta\u00efque et aux signaux tarifaires.<\/p>\n<\/li>\n<li>\n<p><strong>Les batteries de stockage <\/strong>jouent un r\u00f4le cl\u00e9 lorsqu\u2019il s\u2019agit de lisser les pics de charge \u00e0 court terme. Elles stockent les exc\u00e9dents et restituent l\u2019\u00e9nergie exactement au moment o\u00f9 elle est n\u00e9cessaire.<\/p>\n<\/li>\n<li>\n<p><strong>La mobilit\u00e9 \u00e9lectrique <\/strong>entra\u00eene des charges suppl\u00e9mentaires importantes, mais offre \u00e9galement une grande flexibilit\u00e9. En effet, tous les v\u00e9hicules n\u2019ont pas besoin d\u2019\u00eatre recharg\u00e9s imm\u00e9diatement \u00e0 pleine puissance. C\u2019est pr\u00e9cis\u00e9ment l\u00e0 que la hi\u00e9rarchisation et la gestion de la charge apportent de r\u00e9els avantages.<\/p>\n<\/li>\n<\/ul>\n<p>&nbsp;<\/p>\n<h2>R\u00e9agir aux tarifs dynamiques et aux rachat d\u2019\u00e9lectricit\u00e9<\/h2>\n<p>Les tarifs dynamiques ouvrent de nouvelles perspectives : en achetant de l\u2019\u00e9lectricit\u00e9 lorsqu\u2019elle est moins ch\u00e8re, on r\u00e9alise des \u00e9conomies suppl\u00e9mentaires. Pour que cela fonctionne au quotidien, il faut de la transparence, des priorit\u00e9s claires et de l&#8217;automatisation. Sans commandes intelligentes, cela risque de co\u00fbter cher \u00e0 l&#8217;avenir, car les fournisseurs d&#8217;\u00e9nergie misent de plus en plus sur des prix dynamiques afin de r\u00e9duire leur propre risque financier.<\/p>\n<p>Une gestion intelligente de la charge permet de d\u00e9terminer \u00e0 quel moment l&#8217;\u00e9lectricit\u00e9 fournie par le r\u00e9seau est bon march\u00e9, \u00e0 quel moment il y a beaucoup d&#8217;\u00e9lectricit\u00e9 photovolta\u00efque disponible et \u00e0 quel moment il vaut mieux d\u00e9caler les charges. Cela permet d&#8217;optimiser de mani\u00e8re cibl\u00e9e les processus de recharge, le fonctionnement des syst\u00e8mes de stockage ou les pompes \u00e0 chaleur, sans perte de confort et sans effort suppl\u00e9mentaire lors de l&#8217;exploitation.<\/p>\n<p>&nbsp;<\/p>\n<h2>Qu&#8217;est-ce que la gestion de la charge dans le r\u00e9seau \u00e9lectrique ?<\/h2>\n<p>Il s&#8217;agit de la gestion et de la coordination actives des consommateurs \u00e9lectriques afin d&#8217;exploiter de mani\u00e8re optimale les capacit\u00e9s disponibles du r\u00e9seau et les puissances de raccordement. Les \u00e9quipements finaux contr\u00f4lables, tels que les pompes \u00e0 chaleur, les infrastructures de recharge pour v\u00e9hicules \u00e9lectriques ou les syst\u00e8mes de stockage par batterie, jouent notamment un r\u00f4le central \u00e0 cet \u00e9gard.<\/p>\n<p>Au niveau d&#8217;un site, cela signifie que ces consommateurs sont exploit\u00e9s de mani\u00e8re cibl\u00e9e afin de s&#8217;adapter aux signaux tarifaires (par exemple, les prix dynamiques de l&#8217;\u00e9lectricit\u00e9), aux conditions techniques (capacit\u00e9s du r\u00e9seau ou puissances connect\u00e9es) et aux exigences op\u00e9rationnelles.<\/p>\n<p>La gestion de la charge d\u00e9finit les directives strat\u00e9giques, c&#8217;est-\u00e0-dire quand et dans quelles conditions l&#8217;\u00e9nergie doit \u00eatre utilis\u00e9e. La r\u00e9gulation de la charge se charge de la mise en \u0153uvre op\u00e9rationnelle en commandant concr\u00e8tement chaque appareil et en les r\u00e9gulant de mani\u00e8re flexible.<\/p>\n<p>En interaction, ces deux approches permettent un fonctionnement efficace, \u00e9conomique et favorable au r\u00e9seau, tout en jetant les bases n\u00e9cessaires pour r\u00e9pondre de mani\u00e8re p\u00e9renne aux exigences croissantes li\u00e9es \u00e0 l&#8217;\u00e9lectrification et aux \u00e9nergies renouvelables.<\/p>\n<p>&nbsp;<\/p>\n<h2>Respecter en toute s\u00e9curit\u00e9 les puissances connect\u00e9es et <br \/>\nles pics de charge<\/h2>\n<p>La puissance connect\u00e9e est un \u00e9l\u00e9ment central dans la pratique. Elle d\u00e9termine la puissance maximale qu\u2019un site est autoris\u00e9 \u00e0 pr\u00e9lever. Si trop de gros consommateurs sont activ\u00e9s simultan\u00e9ment, les besoins en puissance augmentent rapidement et il faut payer des pics de puissance co\u00fbteux.<\/p>\n<p><a href=\"https:\/\/tetrag.ch\/fr\/anwendungsgebiete\/securite-des-operations\/\">La gestion de la charge apporte ici une s\u00e9curit\u00e9.<\/a> Le syst\u00e8me surveille la consommation d&#8217;\u00e9nergie actuelle, d\u00e9tecte les situations critiques \u00e0 un stade pr\u00e9coce et intervient automatiquement si n\u00e9cessaire. Cela permet de respecter les limites de mani\u00e8re fiable.<\/p>\n<p>Cela rev\u00eat un int\u00e9r\u00eat particulier lorsque de nouveaux consommateurs viennent s\u2019ajouter au r\u00e9seau \u2013 par exemple, des infrastructures de recharge, des pompes \u00e0 chaleur suppl\u00e9mentaires ou de nouveaux processus \u00e9lectriques. Plut\u00f4t que d\u2019investir pr\u00e9cipitamment dans un raccordement au r\u00e9seau plus important, il est souvent judicieux de commencer par examiner la flexibilit\u00e9 existante.<\/p>\n<p>&nbsp;<\/p>\n<h2>Comment r\u00e9ussir la mise en \u0153uvre<\/h2>\n<p>Une gestion efficace de la charge commence par la transparence. Il faut tout d&#8217;abord avoir une vision claire des profils de charge, des pics de consommation et des consommateurs flexibles. Ensuite, il s&#8217;agit de d\u00e9finir les priorit\u00e9s : qu&#8217;est-ce qui doit fonctionner en permanence, qu&#8217;est-ce qui peut \u00eatre report\u00e9 et quels syst\u00e8mes doivent interagir ?<\/p>\n<p>L&#8217;\u00e9tape suivante consiste \u00e0 int\u00e9grer le photovolta\u00efque, le stockage, la chaleur et l&#8217;infrastructure de recharge dans une logique commune. Compl\u00e9t\u00e9 par des informations tarifaires et des limites de raccordement, il en r\u00e9sulte un syst\u00e8me \u00e9nerg\u00e9tique qui r\u00e9fl\u00e9chit activement et r\u00e9agit automatiquement. D\u00e9couvrez \u00e0 ce sujet <a href=\"https:\/\/tetrag.ch\/#referenzen\">les t\u00e9moignages de r\u00e9ussite<\/a> de nos clients.<\/p>\n<p>&nbsp;<\/p>\n<h3>Voici un guide pratique simple pour la mise en \u0153uvre<\/h3>\n<p>Pour que la gestion de la charge soit non seulement int\u00e9ressante sur le plan technique, mais aussi judicieuse sur le plan \u00e9conomique, nous recommandons une approche simple et structur\u00e9e.<\/p>\n<div id=\"rank-math-rich-snippet-wrapper\"><div id=\"rank-math-faq\" class=\"rank-math-block\">\n<div class=\"rank-math-list \">\n<div id=\"faq-1\" class=\"rank-math-list-item\">\n<h3 class=\"rank-math-question \">1. Identifier les profils de charge et les pics<\/h3>\n<div class=\"rank-math-answer \">\n\n<p>Tout commence par la base de donn\u00e9es. Les entreprises doivent savoir :<br \/>\n- quand les pics de charge se produisent<br \/>\n- quels consommateurs sont concern\u00e9s<br \/>\n- combien de temps durent les phases de charge critiques<br \/>\n- de quelle flexibilit\u00e9 elles disposent<\/p>\n\n<\/div>\n<\/div>\n<div id=\"faq-2\" class=\"rank-math-list-item\">\n<h3 class=\"rank-math-question \">2. Distinguer les consommateurs flexibles et critiques<\/h3>\n<div class=\"rank-math-answer \">\n\n<p>Toutes les charges ne peuvent pas \u00eatre d\u00e9plac\u00e9es. C'est pourquoi la hi\u00e9rarchisation est essentielle :<br \/>\n- les processus indispensables ayant la priorit\u00e9 absolue<br \/>\n- les consommateurs \u00e0 flexibilit\u00e9 limit\u00e9e qui ne peuvent pas \u00eatre interrompus sans autre forme de proc\u00e8s<br \/>\n- les charges facilement d\u00e9pla\u00e7ables telles que les processus de charge ou le fonctionnement des syst\u00e8mes de stockage<\/p>\n<p>Cette classification constitue la base de toute strat\u00e9gie de r\u00e9gulation efficace.<\/p>\n\n<\/div>\n<\/div>\n<div id=\"faq-3\" class=\"rank-math-list-item\">\n<h3 class=\"rank-math-question \">3. Envisager ensemble le photovolta\u00efque, le stockage, la chaleur et l'infrastructure de recharge<\/h3>\n<div class=\"rank-math-answer \">\n\n<p>Les avantages \u00e9conomiques augmentent lorsque tous les syst\u00e8mes \u00e9nerg\u00e9tiques pertinents sont regroup\u00e9s selon une m\u00eame logique. Les optimisations individuelles sont utiles, mais c'est l'interaction qui g\u00e9n\u00e8re une v\u00e9ritable efficacit\u00e9.<\/p>\n\n<\/div>\n<\/div>\n<div id=\"faq-4\" class=\"rank-math-list-item\">\n<h3 class=\"rank-math-question \">4. Int\u00e9grer les exigences tarifaires et r\u00e9seau<\/h3>\n<div class=\"rank-math-answer \">\n\n<p>Une bonne gestion de la charge ne r\u00e9agit pas seulement aux conditions internes, mais aussi aux conditions externes<br \/>\ntelles que :<br \/>\n- les prix dynamiques de l'\u00e9lectricit\u00e9<br \/>\n- les prix de la puissance<br \/>\n- les restrictions du r\u00e9seau<br \/>\n- les limites de raccordement d\u00e9finies<\/p>\n\n<\/div>\n<\/div>\n<div id=\"faq-5\" class=\"rank-math-list-item\">\n<h3 class=\"rank-math-question \">5. Mettre en \u0153uvre l'automatisation avec des r\u00e8gles claires<\/h3>\n<div class=\"rank-math-answer \">\n\n<p>Plus le syst\u00e8me \u00e9nerg\u00e9tique est complexe, plus l'automatisation est importante. Les r\u00e8gles peuvent par exemple \u00eatre les suivantes :<br \/>\n- L'\u00e9lectricit\u00e9 photovolta\u00efque est prioritaire pour l'autoconsommation<br \/>\n- Le stockage se recharge en cas d'exc\u00e9dent solaire et se d\u00e9charge lors des pics de charge<br \/>\n- les processus de recharge des voitures sont r\u00e9partis selon leur priorit\u00e9<br \/>\n- le fonctionnement des pompes \u00e0 chaleur est optimis\u00e9 dans les limites de confort autoris\u00e9es<br \/>\n- la puissance connect\u00e9e ne doit pas \u00eatre d\u00e9pass\u00e9e<\/p>\n\n<\/div>\n<\/div>\n<div id=\"faq-6\" class=\"rank-math-list-item\">\n<h3 class=\"rank-math-question \">6. V\u00e9rifier les r\u00e9sultats en continu<\/h3>\n<div class=\"rank-math-answer \">\n\n<p>La gestion de la charge n\u2019est pas un projet statique. Les comportements de consommation, les technologies des installations et les tarifs \u00e9voluent. C\u2019est pourquoi il est utile de v\u00e9rifier les r\u00e9sultats en continu et de perfectionner les strat\u00e9gies.<\/p>\n\n<\/div>\n<\/div>\n<\/div>\n<\/div><\/div>\n<p>&nbsp;<\/p>\n<h2>\nConclusion<\/h2>\n<p>La gestion de la charge est bien plus qu&#8217;une simple fonctionnalit\u00e9 technique suppl\u00e9mentaire. C&#8217;est un levier efficace <strong>pour r\u00e9duire durablement les co\u00fbts li\u00e9s au r\u00e9seau, respecter les puissances de raccordement et exploiter intelligemment les tarifs dynamiques.<\/strong><\/p>\n<p>En combinant intelligemment le photovolta\u00efque, la pompe \u00e0 chaleur, le stockage par batterie et la mobilit\u00e9 \u00e9lectrique, on jette les bases d&#8217;une exploitation rentable, flexible et tourn\u00e9e vers l&#8217;avenir.<\/p>\n<p>\ud83d\udc49<a href=\"https:\/\/tetrag.ch\/fr\/contact\/#buchen\"> R\u00e9server une premi\u00e8re consultation gratuite<\/a><\/p>\n<p>&nbsp;<\/p>\n<h2><strong><br \/>\nContact<\/strong><\/h2>\n<p><img decoding=\"async\" src=\"https:\/\/images.surferseo.art\/5da0bd67-bb58-45fe-bc63-898098d075a2.png\" \/><\/p>\n<p>Adrian Hofstetter : responsable du d\u00e9partement Syst\u00e8mes \u00e9nerg\u00e9tiques, membre de la direction<\/p>\n<p>Adrian Hofstetter dispose de connaissances approfondies en mati\u00e8re d&#8217;efficacit\u00e9 \u00e9nerg\u00e9tique et d&#8217;utilisation rationnelle des ressources, ainsi que d&#8217;une longue exp\u00e9rience pratique. Gr\u00e2ce \u00e0 ses nombreuses formations continues dans les domaines du <a href=\"https:\/\/tetrag.ch\/fr\/anwendungsgebiete\/conseil-en-energie\/\">conseil en \u00e9nergie<\/a>, du recyclage et des \u00e9nergies renouvelables, il poss\u00e8de un large \u00e9ventail de comp\u00e9tences et une approche orient\u00e9e vers la pratique. Sa formation technique initiale d&#8217;\u00e9lectricien et de commercial constitue une base solide pour ses comp\u00e9tences actuelles en mati\u00e8re de conseil.<\/p>\n","protected":false},"excerpt":{"rendered":"<p>Utiliser l&#8217;\u00e9lectricit\u00e9 de mani\u00e8re ing\u00e9nieuse plut\u00f4t que de g\u00e9n\u00e9rer des pics de consommation co\u00fbteux : c&#8217;est exactement l&#8217;objectif de la gestion de la charge. En interconnectant intelligemment le photovolta\u00efque, la pompe \u00e0 chaleur, le stockage par batterie et la mobilit\u00e9 \u00e9lectrique, on r\u00e9duit durablement les co\u00fbts de r\u00e9seau, on augmente l&#8217;autoconsommation et on exploite beaucoup [&hellip;]<\/p>\n","protected":false},"author":13,"featured_media":6777,"comment_status":"closed","ping_status":"closed","sticky":false,"template":"","format":"standard","meta":{"_acf_changed":false,"inline_featured_image":false,"footnotes":""},"categories":[8],"tags":[],"class_list":["post-6757","post","type-post","status-publish","format-standard","has-post-thumbnail","hentry","category-non-classifiee"],"acf":[],"_links":{"self":[{"href":"https:\/\/tetrag.ch\/fr\/wp-json\/wp\/v2\/posts\/6757","targetHints":{"allow":["GET"]}}],"collection":[{"href":"https:\/\/tetrag.ch\/fr\/wp-json\/wp\/v2\/posts"}],"about":[{"href":"https:\/\/tetrag.ch\/fr\/wp-json\/wp\/v2\/types\/post"}],"author":[{"embeddable":true,"href":"https:\/\/tetrag.ch\/fr\/wp-json\/wp\/v2\/users\/13"}],"replies":[{"embeddable":true,"href":"https:\/\/tetrag.ch\/fr\/wp-json\/wp\/v2\/comments?post=6757"}],"version-history":[{"count":10,"href":"https:\/\/tetrag.ch\/fr\/wp-json\/wp\/v2\/posts\/6757\/revisions"}],"predecessor-version":[{"id":6780,"href":"https:\/\/tetrag.ch\/fr\/wp-json\/wp\/v2\/posts\/6757\/revisions\/6780"}],"wp:featuredmedia":[{"embeddable":true,"href":"https:\/\/tetrag.ch\/fr\/wp-json\/wp\/v2\/media\/6777"}],"wp:attachment":[{"href":"https:\/\/tetrag.ch\/fr\/wp-json\/wp\/v2\/media?parent=6757"}],"wp:term":[{"taxonomy":"category","embeddable":true,"href":"https:\/\/tetrag.ch\/fr\/wp-json\/wp\/v2\/categories?post=6757"},{"taxonomy":"post_tag","embeddable":true,"href":"https:\/\/tetrag.ch\/fr\/wp-json\/wp\/v2\/tags?post=6757"}],"curies":[{"name":"wp","href":"https:\/\/api.w.org\/{rel}","templated":true}]}}